{"id":3880,"date":"2024-11-21T16:16:49","date_gmt":"2024-11-21T14:16:49","guid":{"rendered":"https:\/\/whitehorse-international.com\/?p=3880"},"modified":"2024-11-18T16:17:26","modified_gmt":"2024-11-18T14:17:26","slug":"teilzeitarbeit-als-loesung-zur-fachkraeftesicherung","status":"publish","type":"post","link":"https:\/\/whitehorse-international.com\/en\/teilzeitarbeit-als-loesung-zur-fachkraeftesicherung\/","title":{"rendered":"Teilzeitarbeit als L\u00f6sung zur Fachkr\u00e4ftesicherung"},"content":{"rendered":"<p>Die Fachkr\u00e4ftesicherung ist eines der dr\u00e4ngendsten Themen auf dem deutschen Arbeitsmarkt. Ein m\u00f6glicher Ansatzpunkt zur Entsch\u00e4rfung des Problems liegt in der Erh\u00f6hung der Arbeitszeiten von Teilzeitbesch\u00e4ftigten. Angesichts der Tatsache, dass fast jede*r dritte Besch\u00e4ftigte (31 %) in Deutschland in Teilzeit arbeitet, bietet dieses Modell theoretisch ein enormes Potenzial. Doch die Umsetzung ist komplex und erfordert ein sensibles Vorgehen \u2013 insbesondere mit Blick auf die Gr\u00fcnde f\u00fcr Teilzeitarbeit und die bestehenden Unterst\u00fctzungsstrukturen.<\/p>\n<hr class=\"wp-block-separator has-alpha-channel-opacity\"\/>\n<h3 class=\"wp-block-heading\"><strong>Wer arbeitet in Teilzeit? Ein Blick auf die Zahlen<\/strong><\/h3>\n<p>Teilzeitarbeit ist in Deutschland weit verbreitet, jedoch stark geschlechtsspezifisch ausgepr\u00e4gt. W\u00e4hrend nur 13 % der M\u00e4nner in Teilzeit t\u00e4tig sind, arbeiten mehr als die H\u00e4lfte der Frauen (52 %) weniger als 35 Stunden pro Woche. Auch die Qualifikation spielt eine Rolle: Teilzeitarbeit ist bei Arbeitnehmer<em>innen ohne berufsqualifizierenden Abschluss besonders h\u00e4ufig (46 %), aber auch ausgebildete Fachkr\u00e4fte arbeiten oft in Teilzeit \u2013 etwa 31 % der Besch\u00e4ftigten mit Lehre oder Berufsfachschulabschluss und 23 % der Meister<\/em>innen und Techniker*innen.<\/p>\n<p>In Berufen mit Fachkr\u00e4ftemangel, etwa der Altenpflege (63 % Teilzeitquote), der Sozialarbeit (52 %) und der Krankenpflege (50 %), ist Teilzeitarbeit besonders verbreitet. Diese Branchen zeigen, dass Fachkr\u00e4ftepotenzial in Teilzeitbesch\u00e4ftigung zwar vorhanden, jedoch durch strukturelle und pers\u00f6nliche H\u00fcrden gebremst wird.<\/p>\n<hr class=\"wp-block-separator has-alpha-channel-opacity\"\/>\n<h3 class=\"wp-block-heading\"><strong>Gr\u00fcnde f\u00fcr Teilzeitarbeit: Familienpflichten und Belastungen im Fokus<\/strong><\/h3>\n<p>Der Hauptgrund f\u00fcr Teilzeitarbeit ist die Vereinbarkeit von Beruf und Sorgearbeit. Mehr als die H\u00e4lfte (56 %) aller Teilzeitbesch\u00e4ftigten gibt an, ihre Arbeitszeit f\u00fcr die Betreuung von Kindern oder pflegebed\u00fcrftigen Angeh\u00f6rigen reduziert zu haben. Frauen sind davon deutlich h\u00e4ufiger betroffen (64 %) als M\u00e4nner (27 %). Dies unterstreicht die nach wie vor ungleiche Verteilung von Sorgearbeit zwischen den Geschlechtern.<\/p>\n<p>Neben famili\u00e4ren Verpflichtungen gibt es weitere Gr\u00fcnde, die eine Vollzeitbesch\u00e4ftigung verhindern:<\/p>\n<ul>\n<li><strong>Private Interessen:<\/strong> 50 % der Teilzeitbesch\u00e4ftigten m\u00f6chten mehr Zeit f\u00fcr pers\u00f6nliche Belange.<\/li>\n<li><strong>Arbeitsbelastung:<\/strong> 39 % nennen eine zu hohe berufliche Belastung als Ursache f\u00fcr die Reduzierung ihrer Arbeitszeit.<\/li>\n<li><strong>Gesundheitliche Einschr\u00e4nkungen:<\/strong> 17 % der Teilzeitbesch\u00e4ftigten arbeiten weniger Stunden aus gesundheitlichen Gr\u00fcnden.<\/li>\n<\/ul>\n<hr class=\"wp-block-separator has-alpha-channel-opacity\"\/>\n<h3 class=\"wp-block-heading\"><strong>Potenziale erschlie\u00dfen: Was Unternehmen tun k\u00f6nnen<\/strong><\/h3>\n<p>Um das Fachkr\u00e4ftepotenzial von Teilzeitbesch\u00e4ftigten zu aktivieren, m\u00fcssen Unternehmen Rahmenbedingungen schaffen, die den Bed\u00fcrfnissen dieser Arbeitnehmer*innen gerecht werden. Insbesondere die Vereinbarkeit von Beruf und Familie spielt dabei eine Schl\u00fcsselrolle. Derzeit fehlt es jedoch h\u00e4ufig an ausreichender Unterst\u00fctzung:<\/p>\n<ul>\n<li><strong>Kinderbetreuung:<\/strong> Nur 33 % der Besch\u00e4ftigten geben an, dass ihr Arbeitgeber in (sehr) hohem Ma\u00df Betreuungsangebote oder andere Hilfen bereitstellt.<\/li>\n<li><strong>Pflege von Angeh\u00f6rigen:<\/strong> Auch hier f\u00fchlen sich nur 34 % der Besch\u00e4ftigten durch den Arbeitgeber gut unterst\u00fctzt.<\/li>\n<\/ul>\n<h3 class=\"wp-block-heading\"><strong>Ma\u00dfnahmen f\u00fcr mehr Vereinbarkeit<\/strong><\/h3>\n<p>Um die Arbeitszeiten von Teilzeitbesch\u00e4ftigten zu erh\u00f6hen, k\u00f6nnten folgende Ma\u00dfnahmen helfen:<\/p>\n<ol>\n<li><strong>Flexible Arbeitszeitmodelle:<\/strong> Teilzeitkr\u00e4fte sollten die M\u00f6glichkeit haben, ihre Arbeitszeiten schrittweise und individuell anzupassen.<\/li>\n<li><strong>Betriebliche Betreuungsangebote:<\/strong> Kinderbetreuung am Arbeitsplatz oder finanzielle Zusch\u00fcsse k\u00f6nnen die Vereinbarkeit von Beruf und Familie f\u00f6rdern.<\/li>\n<li><strong>Entlastung bei famili\u00e4ren Pflichten:<\/strong> Freistellungsmodelle oder Unterst\u00fctzungsnetzwerke f\u00fcr die Pflege von Angeh\u00f6rigen sind wichtige Ans\u00e4tze.<\/li>\n<li><strong>Belastung minimieren:<\/strong> Ma\u00dfnahmen zur Verbesserung der Arbeitsbedingungen und der mentalen Gesundheit sind essenziell, um Teilzeitkr\u00e4fte langfristig zu entlasten und ihre Bereitschaft zur Stundenaufstockung zu f\u00f6rdern.<\/li>\n<\/ol>\n<hr class=\"wp-block-separator has-alpha-channel-opacity\"\/>\n<h3 class=\"wp-block-heading\"><strong>Fazit: Teilzeitarbeit als Schl\u00fcssel zur Fachkr\u00e4ftesicherung<\/strong><\/h3>\n<p>Das Fachkr\u00e4ftepotenzial von Teilzeitbesch\u00e4ftigten ist erheblich, doch dessen Aussch\u00f6pfung erfordert umfassende betriebliche und gesellschaftliche Ver\u00e4nderungen. Vor allem Frauen, die den Gro\u00dfteil der Sorgearbeit \u00fcbernehmen, m\u00fcssen st\u00e4rker entlastet und unterst\u00fctzt werden.<\/p>\n<p>Nur durch gezielte Ma\u00dfnahmen zur Vereinbarkeit von Beruf und Familie, flexible Arbeitszeitmodelle und eine Verbesserung der Arbeitsbedingungen k\u00f6nnen Unternehmen das volle Potenzial der Teilzeitarbeit nutzen \u2013 und so einen wichtigen Beitrag zur Fachkr\u00e4ftesicherung leisten.<\/p>\n","protected":false},"excerpt":{"rendered":"<p>Die Fachkr\u00e4ftesicherung ist eines der dr\u00e4ngendsten Themen auf dem deutschen Arbeitsmarkt. Ein m\u00f6glicher Ansatzpunkt zur Entsch\u00e4rfung des Problems liegt in der Erh\u00f6hung der Arbeitszeiten von Teilzeitbesch\u00e4ftigten. Angesichts der Tatsache, dass fast jede*r dritte Besch\u00e4ftigte (31 %) in Deutschland in Teilzeit arbeitet, bietet dieses Modell theoretisch ein enormes Potenzial. Doch die Umsetzung ist komplex und erfordert [&hellip;]<\/p>\n","protected":false},"author":1,"featured_media":3881,"comment_status":"closed","ping_status":"closed","sticky":false,"template":"","format":"standard","meta":{"footnotes":""},"categories":[272],"tags":[],"aioseo_notices":[],"_links":{"self":[{"href":"https:\/\/whitehorse-international.com\/en\/wp-json\/wp\/v2\/posts\/3880"}],"collection":[{"href":"https:\/\/whitehorse-international.com\/en\/wp-json\/wp\/v2\/posts"}],"about":[{"href":"https:\/\/whitehorse-international.com\/en\/wp-json\/wp\/v2\/types\/post"}],"author":[{"embeddable":true,"href":"https:\/\/whitehorse-international.com\/en\/wp-json\/wp\/v2\/users\/1"}],"replies":[{"embeddable":true,"href":"https:\/\/whitehorse-international.com\/en\/wp-json\/wp\/v2\/comments?post=3880"}],"version-history":[{"count":1,"href":"https:\/\/whitehorse-international.com\/en\/wp-json\/wp\/v2\/posts\/3880\/revisions"}],"predecessor-version":[{"id":3883,"href":"https:\/\/whitehorse-international.com\/en\/wp-json\/wp\/v2\/posts\/3880\/revisions\/3883"}],"wp:featuredmedia":[{"embeddable":true,"href":"https:\/\/whitehorse-international.com\/en\/wp-json\/wp\/v2\/media\/3881"}],"wp:attachment":[{"href":"https:\/\/whitehorse-international.com\/en\/wp-json\/wp\/v2\/media?parent=3880"}],"wp:term":[{"taxonomy":"category","embeddable":true,"href":"https:\/\/whitehorse-international.com\/en\/wp-json\/wp\/v2\/categories?post=3880"},{"taxonomy":"post_tag","embeddable":true,"href":"https:\/\/whitehorse-international.com\/en\/wp-json\/wp\/v2\/tags?post=3880"}],"curies":[{"name":"wp","href":"https:\/\/api.w.org\/{rel}","templated":true}]}}